{"id":8744,"date":"2025-01-30T00:30:34","date_gmt":"2025-01-30T03:30:34","guid":{"rendered":"https:\/\/ceasiaufpe.com.br\/?p=8744"},"modified":"2025-01-30T00:33:02","modified_gmt":"2025-01-30T03:33:02","slug":"artigo-de-opiniao-a-escada-social-pela-otica-dos-k-dramas-o-aspecto-educacional-sul-coreano-e-sua-importancia-no-pais","status":"publish","type":"post","link":"https:\/\/ceasiaufpe.com.br\/?p=8744","title":{"rendered":"ARTIGO DE OPINI\u00c3O | A \u201cescada social\u201d pela \u00f3tica dos K-dramas: o aspecto educacional sul-coreano e sua import\u00e2ncia no pa\u00eds"},"content":{"rendered":"\t\t<div data-elementor-type=\"wp-post\" data-elementor-id=\"8744\" class=\"elementor elementor-8744\">\n\t\t\t\t\t\t\t\t\t<section class=\"has_eae_slider elementor-section elementor-top-section elementor-element elementor-element-7b7ef08 elementor-section-boxed elementor-section-height-default elementor-section-height-default\" data-id=\"7b7ef08\" data-element_type=\"section\">\n\t\t\t\t\t\t<div class=\"elementor-container elementor-column-gap-default\">\n\t\t\t\t\t<div class=\"has_eae_slider elementor-column elementor-col-100 elementor-top-column elementor-element elementor-element-124ed640\" data-id=\"124ed640\" data-element_type=\"column\">\n\t\t\t<div class=\"elementor-widget-wrap elementor-element-populated\">\n\t\t\t\t\t\t\t\t<div class=\"elementor-element elementor-element-782af596 elementor-widget elementor-widget-text-editor\" data-id=\"782af596\" data-element_type=\"widget\" data-widget_type=\"text-editor.default\">\n\t\t\t\t<div class=\"elementor-widget-container\">\n\t\t\t<style>\/*! elementor - v3.6.2 - 04-04-2022 *\/\n.elementor-widget-text-editor.elementor-drop-cap-view-stacked .elementor-drop-cap{background-color:#818a91;color:#fff}.elementor-widget-text-editor.elementor-drop-cap-view-framed .elementor-drop-cap{color:#818a91;border:3px solid;background-color:transparent}.elementor-widget-text-editor:not(.elementor-drop-cap-view-default) .elementor-drop-cap{margin-top:8px}.elementor-widget-text-editor:not(.elementor-drop-cap-view-default) .elementor-drop-cap-letter{width:1em;height:1em}.elementor-widget-text-editor .elementor-drop-cap{float:left;text-align:center;line-height:1;font-size:50px}.elementor-widget-text-editor .elementor-drop-cap-letter{display:inline-block}<\/style>\t\t\t\t<!-- wp:paragraph {\"align\":\"right\"} -->\n<p class=\"has-text-align-right\">Autora: Eduarda Christine Souza Pucci\u00a0<\/p>\n<!-- \/wp:paragraph -->\n\n<!-- wp:paragraph {\"align\":\"right\"} -->\n<p class=\"has-text-align-right\">Imagem: <a href=\"https:\/\/www.dojeonmedia.com\/post\/are-tiger-moms-love-destroying-korean-children-s-futures-crash-course-in-romance-breakdown\">https:\/\/www.dojeonmedia.com\/post\/are-tiger-moms-love-destroying-korean-children-s-futures-crash-course-in-romance-breakdown<\/a>.&nbsp;<\/p>\n<!-- \/wp:paragraph -->\t\t\t\t\t\t<\/div>\n\t\t\t\t<\/div>\n\t\t\t\t\t<\/div>\n\t\t<\/div>\n\t\t\t\t\t\t\t<\/div>\n\t\t<\/section>\n\t\t\t\t<section class=\"has_eae_slider elementor-section elementor-top-section elementor-element elementor-element-bb88557 elementor-section-boxed elementor-section-height-default elementor-section-height-default\" data-id=\"bb88557\" data-element_type=\"section\">\n\t\t\t\t\t\t<div class=\"elementor-container elementor-column-gap-default\">\n\t\t\t\t\t<div class=\"has_eae_slider elementor-column elementor-col-100 elementor-top-column elementor-element elementor-element-864f1d9\" data-id=\"864f1d9\" data-element_type=\"column\">\n\t\t\t<div class=\"elementor-widget-wrap elementor-element-populated\">\n\t\t\t\t\t\t\t\t<div class=\"elementor-element elementor-element-bc96d89 elementor-widget elementor-widget-text-editor\" data-id=\"bc96d89\" data-element_type=\"widget\" data-widget_type=\"text-editor.default\">\n\t\t\t\t<div class=\"elementor-widget-container\">\n\t\t\t\t\t\t\t<p dir=\"ltr\" style=\"line-height:1.7999999999999998;text-align: justify;margin-top:0pt;margin-bottom:0pt;\"><span style=\"font-size:12pt;font-family:Arial,sans-serif;color:#000000;background-color:transparent;font-weight:400;font-style:normal;font-variant:normal;text-decoration:none;vertical-align:baseline;white-space:pre;white-space:pre-wrap;\">Os K-dramas possuem uma enorme voz e presen\u00e7a tanto no meio social sul-coreano quanto no meio internacional, sendo uma representa\u00e7\u00e3o das quest\u00f5es pol\u00edticas, econ\u00f4micas e sociais com a utiliza\u00e7\u00e3o de temas importantes que podem ser levados a debate, entre eles, a \u201cescada social\u201d ou mobilidade\/ascens\u00e3o social. Nessas representa\u00e7\u00f5es audiovisuais a educa\u00e7\u00e3o se apresenta como uma forma de crescimento na sociedade e melhora de vida, tornando-se uma quest\u00e3o central, al\u00e9m de apresentar temas adjacentes que mesclam sa\u00fade mental, situa\u00e7\u00e3o econ\u00f4mica e outros que se entremeiam na quest\u00e3o educacional.&nbsp;<\/span><\/p><p dir=\"ltr\" style=\"line-height:1.7999999999999998;text-align: justify;margin-top:0pt;margin-bottom:0pt;\"><span style=\"font-size:12pt;font-family:Arial,sans-serif;color:#000000;background-color:transparent;font-weight:400;font-style:normal;font-variant:normal;text-decoration:none;vertical-align:baseline;white-space:pre;white-space:pre-wrap;\"><br><\/span><\/p>\n<p dir=\"ltr\" style=\"line-height:1.7999999999999998;text-align: justify;margin-top:0pt;margin-bottom:0pt;\"><span style=\"font-size:12pt;font-family:Arial,sans-serif;color:#000000;background-color:transparent;font-weight:400;font-style:normal;font-variant:normal;text-decoration:none;vertical-align:baseline;white-space:pre;white-space:pre-wrap;\">O valor educacional de um pa\u00eds, como a Coreia do Sul, pode ser marcado pelas pol\u00edticas de transforma\u00e7\u00e3o e de desenvolvimento empreendidas no p\u00f3s-Segunda Guerra e aperfei\u00e7oadas no per\u00edodo do Milagre Econ\u00f4mico ou Milagre do Rio Han (1961 e 1997), tornando o pa\u00eds um dos primeiros nos \u00edndices educacionais. Esse valor ainda pode ser encontrado no \u00e2mbito cultural, em que \u201c[&#8230;] a educa\u00e7\u00e3o na Coreia do Sul foi profundamente influenciada pelo forte compromisso cultural das fam\u00edlias, que buscavam incessantemente a excel\u00eancia acad\u00eamica para seus filhos\u201d (Crespo, 2024, p. 2). Esse aspecto cultural \u00e9 algo visto em comum na maioria dos K-dramas que envolvem situa\u00e7\u00f5es cotidianas como parte da trama principal, em que o esfor\u00e7o e a cobran\u00e7a, por mais que de forma velada, ainda \u00e9 algo muito presente no meio familiar sul-coreano.&nbsp;<\/span><\/p><p dir=\"ltr\" style=\"line-height:1.7999999999999998;text-align: justify;margin-top:0pt;margin-bottom:0pt;\"><span style=\"font-size:12pt;font-family:Arial,sans-serif;color:#000000;background-color:transparent;font-weight:400;font-style:normal;font-variant:normal;text-decoration:none;vertical-align:baseline;white-space:pre;white-space:pre-wrap;\"><br><\/span><\/p>\n<p dir=\"ltr\" style=\"line-height:1.7999999999999998;text-align: justify;margin-top:0pt;margin-bottom:0pt;\"><span style=\"font-size:12pt;font-family:Arial,sans-serif;color:#000000;background-color:transparent;font-weight:400;font-style:normal;font-variant:normal;text-decoration:none;vertical-align:baseline;white-space:pre;white-space:pre-wrap;\">A busca pela excel\u00eancia no meio educacional pode levar a grandes oportunidades e melhores condi\u00e7\u00f5es de vida, por\u00e9m, nem sempre a realidade \u00e9 essa, como no K-drama <\/span><span style=\"font-size:12pt;font-family:Arial,sans-serif;color:#000000;background-color:transparent;font-weight:400;font-style:italic;font-variant:normal;text-decoration:none;vertical-align:baseline;white-space:pre;white-space:pre-wrap;\">Daily Dose of Sunshine <\/span><span style=\"font-size:12pt;font-family:Arial,sans-serif;color:#000000;background-color:transparent;font-weight:400;font-style:normal;font-variant:normal;text-decoration:none;vertical-align:baseline;white-space:pre;white-space:pre-wrap;\">(2023), em que um dos personagens da trama, um dos pacientes da ala psiqui\u00e1trica, desenvolveu um transtorno por conta da alta demanda dos estudos que ele realizava. Esse personagem, pela cobran\u00e7a e as tentativas falhas de passar no concurso p\u00fablico, acaba tendo um fim tr\u00e1gico, o su\u00edcidio, por n\u00e3o conseguir viver fora do hospital e encarar a realidade, em um momento de alta. Outro exemplo \u00e9 o K-drama <\/span><span style=\"font-size:12pt;font-family:Arial,sans-serif;color:#000000;background-color:transparent;font-weight:400;font-style:italic;font-variant:normal;text-decoration:none;vertical-align:baseline;white-space:pre;white-space:pre-wrap;\">Crash Course in Romance<\/span><span style=\"font-size:12pt;font-family:Arial,sans-serif;color:#000000;background-color:transparent;font-weight:400;font-style:normal;font-variant:normal;text-decoration:none;vertical-align:baseline;white-space:pre;white-space:pre-wrap;\"> (2023), cujo enredo se passa no meio escolar e dos cursinhos, e mostra a alta competitividade em conseguir vagas no melhor curso pr\u00e9-vestibular de Seul.&nbsp;<\/span><\/p><p dir=\"ltr\" style=\"line-height:1.7999999999999998;text-align: justify;margin-top:0pt;margin-bottom:0pt;\"><span style=\"font-size:12pt;font-family:Arial,sans-serif;color:#000000;background-color:transparent;font-weight:400;font-style:normal;font-variant:normal;text-decoration:none;vertical-align:baseline;white-space:pre;white-space:pre-wrap;\"><br><\/span><\/p>\n<p dir=\"ltr\" style=\"line-height:1.7999999999999998;text-align: justify;margin-top:0pt;margin-bottom:0pt;\"><span style=\"font-size:12pt;font-family:Arial,sans-serif;color:#000000;background-color:transparent;font-weight:400;font-style:normal;font-variant:normal;text-decoration:none;vertical-align:baseline;white-space:pre;white-space:pre-wrap;\">Voltando aos dados hist\u00f3ricos, o aspecto educacional teve uma iniciativa de investimento no governo autorit\u00e1rio de Park Chung-hee (1961-1979), o primeiro general no comando da ditadura civil-militar que a Coreia do Sul teve. No governo Park, com a mudan\u00e7a da ruraliza\u00e7\u00e3o para a industrializa\u00e7\u00e3o, foi preciso uma mudan\u00e7a tamb\u00e9m no setor de empregos, acarretando em uma demanda maior de pessoas com m\u00e3o de obra especializada, e para isso foi preciso investir em m\u00e9todos educacionais, como cria\u00e7\u00e3o de escolas e universidades. Dessa forma, \u201cas institui\u00e7\u00f5es de ensino aumentaram em quantidade, abrangendo mais a popula\u00e7\u00e3o coreana, chegando nos interiores, onde o ensino formal outrora n\u00e3o chegava\u201d (Francez, 2021, p. 43). Essas pr\u00e1ticas se intensificaram no momento do milagre econ\u00f4mico e a facilidade do acesso ao meio educacional fez com que esse fosse um meio importante e central de ascens\u00e3o de cada degrau da \u201cescada social\u201d.&nbsp;<\/span><\/p><p dir=\"ltr\" style=\"line-height:1.7999999999999998;text-align: justify;margin-top:0pt;margin-bottom:0pt;\"><span style=\"font-size:12pt;font-family:Arial,sans-serif;color:#000000;background-color:transparent;font-weight:400;font-style:normal;font-variant:normal;text-decoration:none;vertical-align:baseline;white-space:pre;white-space:pre-wrap;\"><br><\/span><\/p>\n<p dir=\"ltr\" style=\"line-height:1.7999999999999998;text-align: justify;margin-top:0pt;margin-bottom:0pt;\"><span style=\"font-size:12pt;font-family:Arial,sans-serif;color:#000000;background-color:transparent;font-weight:400;font-style:normal;font-variant:normal;text-decoration:none;vertical-align:baseline;white-space:pre;white-space:pre-wrap;\">A educa\u00e7\u00e3o sul-coreana com o passar do tempo come\u00e7ou a ocupar lugares de discuss\u00e3o, porque, por mais que seja uma das melhores, \u00e9 tamb\u00e9m uma das mais concorridas e mais desafiadoras. E por conter essas especifica\u00e7\u00f5es ela gerou mais consequ\u00eancias: a boa \u00e9 a poss\u00edvel melhora de vida, e a ruim \u00e9 que pode gerar problemas de sa\u00fade mental por conta da demanda. Al\u00e9m disso, indo em dire\u00e7\u00e3o aos K-dramas, um dos efeitos desse sistema educacional \u00e9 a perman\u00eancia desse <\/span><span style=\"font-size:12pt;font-family:Arial,sans-serif;color:#000000;background-color:transparent;font-weight:400;font-style:italic;font-variant:normal;text-decoration:none;vertical-align:baseline;white-space:pre;white-space:pre-wrap;\">modus <\/span><span style=\"font-size:12pt;font-family:Arial,sans-serif;color:#000000;background-color:transparent;font-weight:400;font-style:normal;font-variant:normal;text-decoration:none;vertical-align:baseline;white-space:pre;white-space:pre-wrap;\">operacional e competitivo, ir pro mercado de trabalho e resultar nos trabalhadores <\/span><span style=\"font-size:12pt;font-family:Arial,sans-serif;color:#000000;background-color:transparent;font-weight:400;font-style:italic;font-variant:normal;text-decoration:none;vertical-align:baseline;white-space:pre;white-space:pre-wrap;\">workaholic <\/span><span style=\"font-size:12pt;font-family:Arial,sans-serif;color:#000000;background-color:transparent;font-weight:400;font-style:normal;font-variant:normal;text-decoration:none;vertical-align:baseline;white-space:pre;white-space:pre-wrap;\">&#8211; ou seja, viciados em ser sempre o melhor e n\u00e3o saber dar lugar para vida pessoal. Essa representa\u00e7\u00e3o pode ser vista, por exemplo, no K-drama <\/span><span style=\"font-size:12pt;font-family:Arial,sans-serif;color:#000000;background-color:transparent;font-weight:400;font-style:italic;font-variant:normal;text-decoration:none;vertical-align:baseline;white-space:pre;white-space:pre-wrap;\">Love Next Door <\/span><span style=\"font-size:12pt;font-family:Arial,sans-serif;color:#000000;background-color:transparent;font-weight:400;font-style:normal;font-variant:normal;text-decoration:none;vertical-align:baseline;white-space:pre;white-space:pre-wrap;\">(2024), em que uma das personagens principais, Bae Seok-ryu (interpretada pela atriz Jung So-min), apresenta esse <\/span><span style=\"font-size:12pt;font-family:Arial,sans-serif;color:#000000;background-color:transparent;font-weight:400;font-style:italic;font-variant:normal;text-decoration:none;vertical-align:baseline;white-space:pre;white-space:pre-wrap;\">modus <\/span><span style=\"font-size:12pt;font-family:Arial,sans-serif;color:#000000;background-color:transparent;font-weight:400;font-style:normal;font-variant:normal;text-decoration:none;vertical-align:baseline;white-space:pre;white-space:pre-wrap;\">e \u00e9 mal vista quando esse processo de trabalho \u00e9 desenvolvido em uma empresa fora da Coreia do Sul. Al\u00e9m disso, esse K-drama tamb\u00e9m explicita o aspecto cultural citado acima, em que as fam\u00edlias projetam o sucesso em cima dos filhos e os tornam estudantes e pessoas que precisam sempre levar os melhores resultados para que a fam\u00edlia possa mudar a escala social.&nbsp;<\/span><\/p><p dir=\"ltr\" style=\"line-height:1.7999999999999998;text-align: justify;margin-top:0pt;margin-bottom:0pt;\"><span style=\"font-size:12pt;font-family:Arial,sans-serif;color:#000000;background-color:transparent;font-weight:400;font-style:normal;font-variant:normal;text-decoration:none;vertical-align:baseline;white-space:pre;white-space:pre-wrap;\"><br><\/span><\/p>\n<p><span style=\"background-color: transparent; color: rgb(0, 0, 0); font-family: Arial, sans-serif; font-size: 12pt; white-space-collapse: preserve;\">Esses exemplos de K-dramas relacionados aqui s\u00e3o apenas alguns dos v\u00e1rios que apresentam essa tem\u00e1tica educacional, que pode ser vista por diferentes \u00f3ticas. Para al\u00e9m das representa\u00e7\u00f5es dram\u00e1ticas, MVs (videocliples) de grupos de K-pop tamb\u00e9m debatem esse tema e trazem questionamentos sobre at\u00e9 onde pode ir essa competitividade. Como o sistema educacional pode se tornar uma atividade que n\u00e3o apaga a subjetividade das pessoas, tornando-as apenas n\u00fameros simb\u00f3licos do desenvolvimento de um pa\u00eds? Essa e outras perguntas podem ser realizadas, pois esse ainda \u00e9 um problema atual e que demanda respostas e debates acerca da operacionaliza\u00e7\u00e3o da educa\u00e7\u00e3o e seus efeitos.&nbsp;<\/span><\/p>\n<p dir=\"ltr\" style=\"line-height:1.7999999999999998;text-align: justify;margin-top:0pt;margin-bottom:0pt;\"><span style=\"font-size:12pt;font-family:Arial,sans-serif;color:#000000;background-color:transparent;font-weight:700;font-style:normal;font-variant:normal;text-decoration:none;vertical-align:baseline;white-space:pre;white-space:pre-wrap;\">Refer\u00eancias:&nbsp;<\/span><\/p>\n<p><span style=\"font-size: 12pt; font-family: Arial, sans-serif; color: rgb(34, 34, 34); background-color: rgb(255, 255, 255); font-variant-numeric: normal; font-variant-east-asian: normal; font-variant-alternates: normal; font-variant-position: normal; font-variant-emoji: normal; vertical-align: baseline; white-space-collapse: preserve;\"><br><\/span><\/p>\n<p><span style=\"font-size: 12pt; font-family: Arial, sans-serif; color: rgb(34, 34, 34); background-color: rgb(255, 255, 255); font-variant-numeric: normal; font-variant-east-asian: normal; font-variant-alternates: normal; font-variant-position: normal; font-variant-emoji: normal; vertical-align: baseline; white-space-collapse: preserve;\">CRESPO, Igor Soares. Pol\u00edticas de educa\u00e7\u00e3o e desenvolvimento socioecon\u00f4mico na Coreia do Sul: uma revis\u00e3o cr\u00edtica. 2024.<\/span><span style=\"background-color: transparent; font-size: 12pt; font-family: Arial, sans-serif; color: rgb(0, 0, 0); font-variant-numeric: normal; font-variant-east-asian: normal; font-variant-alternates: normal; font-variant-position: normal; font-variant-emoji: normal; vertical-align: baseline; white-space-collapse: preserve;\"> Dispon\u00edvel em: <\/span><a href=\"https:\/\/lume.ufrgs.br\/bitstream\/handle\/10183\/279134\/001210921.pdf?sequence=1&amp;isAllowed=y\" style=\"font-family: inherit;\"><span style=\"font-size: 12pt; font-family: Arial, sans-serif; color: rgb(17, 85, 204); background-color: transparent; font-variant-numeric: normal; font-variant-east-asian: normal; font-variant-alternates: normal; font-variant-position: normal; font-variant-emoji: normal; text-decoration-line: underline; text-decoration-skip-ink: none; vertical-align: baseline; white-space-collapse: preserve;\">https:\/\/lume.ufrgs.br\/bitstream\/handle\/10183\/279134\/001210921.pdf?sequence=1&amp;isAllowed=y<\/span><\/a><span style=\"background-color: transparent; font-size: 12pt; font-family: Arial, sans-serif; color: rgb(0, 0, 0); font-variant-numeric: normal; font-variant-east-asian: normal; font-variant-alternates: normal; font-variant-position: normal; font-variant-emoji: normal; vertical-align: baseline; white-space-collapse: preserve;\">.&nbsp;<\/span><\/p>\n<p><b style=\"font-weight:normal;\"><br><\/b><\/p>\n<p dir=\"ltr\" style=\"line-height:1.7999999999999998;text-align: justify;margin-top:0pt;margin-bottom:0pt;\"><span style=\"font-size:12pt;font-family:Arial,sans-serif;color:#222222;background-color:#ffffff;font-weight:400;font-style:normal;font-variant:normal;text-decoration:none;vertical-align:baseline;white-space:pre;white-space:pre-wrap;\">FRANCEZ, Pedro Antonio Saraiva de Carvalho et al. A educa\u00e7\u00e3o e o Milagre econ\u00f4mico do Rio Han na Coreia do Sul (1961-1990). 2021. Dispon\u00edvel em: <\/span><a href=\"https:\/\/repositorio.ufes.br\/server\/api\/core\/bitstreams\/c9e3099d-1934-4cc9-8647-a706a7f73eb9\/content\" style=\"text-decoration:none;\"><span style=\"font-size:12pt;font-family:Arial,sans-serif;color:#1155cc;background-color:#ffffff;font-weight:400;font-style:normal;font-variant:normal;text-decoration:underline;-webkit-text-decoration-skip:none;text-decoration-skip-ink:none;vertical-align:baseline;white-space:pre;white-space:pre-wrap;\">https:\/\/repositorio.ufes.br\/server\/api\/core\/bitstreams\/c9e3099d-1934-4cc9-8647-a706a7f73eb9\/content<\/span><\/a><span style=\"font-size:12pt;font-family:Arial,sans-serif;color:#222222;background-color:#ffffff;font-weight:400;font-style:normal;font-variant:normal;text-decoration:none;vertical-align:baseline;white-space:pre;white-space:pre-wrap;\">.&nbsp;<\/span><\/p>\n<p><b style=\"font-weight:normal;\"><br><\/b><\/p>\n<p><b style=\"font-weight:normal;\"><br><\/b><\/p>\n<p dir=\"ltr\" style=\"line-height:1.7999999999999998;text-align: justify;margin-top:0pt;margin-bottom:0pt;\"><span style=\"font-size: 12pt; font-family: Arial, sans-serif; color: rgb(34, 34, 34); background-color: rgb(255, 255, 255); font-style: normal; font-variant: normal; text-decoration: none; vertical-align: baseline; white-space: pre-wrap;\"><b>SOBRE A AUTORA<\/b><\/span><\/p>\n<p dir=\"ltr\" style=\"line-height:1.7999999999999998;text-align: justify;margin-top:0pt;margin-bottom:0pt;\"><span style=\"font-size: 12pt; font-family: Arial, sans-serif; color: rgb(34, 34, 34); background-color: rgb(255, 255, 255); font-style: normal; font-variant: normal; text-decoration: none; vertical-align: baseline; white-space: pre-wrap;\"><b><br><\/b><\/span><\/p>\n<p><span style=\"text-align: inherit; background-color: transparent; font-size: 12pt; font-family: Arial, sans-serif; color: rgb(34, 34, 34); font-variant-numeric: normal; font-variant-east-asian: normal; font-variant-alternates: normal; font-variant-position: normal; font-variant-emoji: normal; vertical-align: baseline; white-space-collapse: preserve;\">Possui gradua\u00e7\u00e3o em Hist\u00f3ria pela Universidade Federal Rural do Rio de Janeiro (UFRRJ). Atualmente \u00e9 produtora de textos do Painel Olhar da Associa\u00e7\u00e3o B-Armys Acad\u00eamicas e tamb\u00e9m atua como pesquisadora associada \u00e0 Curadoria de Estudos Coreanos promovido pela Coordenadoria de Estudos de \u00c1sia do Centro de Estudos Avan\u00e7ados &#8211; CEA\/UFPE .Tem experi\u00eancia na \u00e1rea de Hist\u00f3ria, com \u00eanfase em Hist\u00f3ria Contempor\u00e2nea , atuando principalmente nos seguintes temas: audiovisual, hist\u00f3ria pol\u00edtico-cultural e ditadura sul-coreana. Email: <\/span><a href=\"mailto:eduardapucci3@gmail.com\" style=\"font-family: inherit; text-align: inherit;\"><span style=\"font-size: 12pt; font-family: Arial, sans-serif; color: rgb(17, 85, 204); background-color: transparent; font-variant-numeric: normal; font-variant-east-asian: normal; font-variant-alternates: normal; font-variant-position: normal; font-variant-emoji: normal; text-decoration-line: underline; text-decoration-skip-ink: none; vertical-align: baseline; white-space-collapse: preserve;\">eduardapucci3@gmail.com<\/span><\/a><span style=\"text-align: inherit; background-color: transparent; font-size: 12pt; font-family: Arial, sans-serif; color: rgb(34, 34, 34); font-variant-numeric: normal; font-variant-east-asian: normal; font-variant-alternates: normal; font-variant-position: normal; font-variant-emoji: normal; vertical-align: baseline; white-space-collapse: preserve;\">&nbsp;<\/span><\/p>\t\t\t\t\t\t<\/div>\n\t\t\t\t<\/div>\n\t\t\t\t\t<\/div>\n\t\t<\/div>\n\t\t\t\t\t\t\t<\/div>\n\t\t<\/section>\n\t\t\t\t\t\t\t<\/div>\n\t\t","protected":false},"excerpt":{"rendered":"<p>Autora: Eduarda Christine Souza Pucci\u00a0 Imagem: https:\/\/www.dojeonmedia.com\/post\/are-tiger-moms-love-destroying-korean-children-s-futures-crash-course-in-romance-breakdown.&nbsp; Os K-dramas possuem uma enorme voz e presen\u00e7a tanto no meio social sul-coreano quanto no meio internacional, sendo uma representa\u00e7\u00e3o das quest\u00f5es pol\u00edticas, econ\u00f4micas e sociais com a utiliza\u00e7\u00e3o de temas importantes que podem ser levados a debate, entre eles, a \u201cescada social\u201d ou mobilidade\/ascens\u00e3o social. Nessas representa\u00e7\u00f5es [&hellip;]<\/p>\n","protected":false},"author":19,"featured_media":8745,"comment_status":"open","ping_status":"open","sticky":false,"template":"","format":"standard","meta":{"_editorskit_title_hidden":false,"_editorskit_reading_time":0,"_editorskit_is_block_options_detached":false,"_editorskit_block_options_position":"{}","_monsterinsights_skip_tracking":false,"_monsterinsights_sitenote_active":false,"_monsterinsights_sitenote_note":"","_monsterinsights_sitenote_category":0},"categories":[3],"tags":[29,42],"_links":{"self":[{"href":"https:\/\/ceasiaufpe.com.br\/index.php?rest_route=\/wp\/v2\/posts\/8744"}],"collection":[{"href":"https:\/\/ceasiaufpe.com.br\/index.php?rest_route=\/wp\/v2\/posts"}],"about":[{"href":"https:\/\/ceasiaufpe.com.br\/index.php?rest_route=\/wp\/v2\/types\/post"}],"author":[{"embeddable":true,"href":"https:\/\/ceasiaufpe.com.br\/index.php?rest_route=\/wp\/v2\/users\/19"}],"replies":[{"embeddable":true,"href":"https:\/\/ceasiaufpe.com.br\/index.php?rest_route=%2Fwp%2Fv2%2Fcomments&post=8744"}],"version-history":[{"count":7,"href":"https:\/\/ceasiaufpe.com.br\/index.php?rest_route=\/wp\/v2\/posts\/8744\/revisions"}],"predecessor-version":[{"id":8752,"href":"https:\/\/ceasiaufpe.com.br\/index.php?rest_route=\/wp\/v2\/posts\/8744\/revisions\/8752"}],"wp:featuredmedia":[{"embeddable":true,"href":"https:\/\/ceasiaufpe.com.br\/index.php?rest_route=\/wp\/v2\/media\/8745"}],"wp:attachment":[{"href":"https:\/\/ceasiaufpe.com.br\/index.php?rest_route=%2Fwp%2Fv2%2Fmedia&parent=8744"}],"wp:term":[{"taxonomy":"category","embeddable":true,"href":"https:\/\/ceasiaufpe.com.br\/index.php?rest_route=%2Fwp%2Fv2%2Fcategories&post=8744"},{"taxonomy":"post_tag","embeddable":true,"href":"https:\/\/ceasiaufpe.com.br\/index.php?rest_route=%2Fwp%2Fv2%2Ftags&post=8744"}],"curies":[{"name":"wp","href":"https:\/\/api.w.org\/{rel}","templated":true}]}}