{"id":6335,"date":"2022-10-28T11:12:01","date_gmt":"2022-10-28T14:12:01","guid":{"rendered":"https:\/\/ceasiaufpe.com.br\/?p=6335"},"modified":"2022-10-28T11:12:14","modified_gmt":"2022-10-28T14:12:14","slug":"ceasia-ufpe-anuncia-novo-coordenador","status":"publish","type":"post","link":"https:\/\/ceasiaufpe.com.br\/?p=6335","title":{"rendered":"CEASIA-UFPE anuncia novo coordenador"},"content":{"rendered":"\n<div class=\"wp-block-image\"><figure class=\"aligncenter size-large is-resized\"><img loading=\"lazy\" src=\"https:\/\/ceasiaufpe.com.br\/wp-content\/uploads\/2022\/10\/IMG-20221028-WA0013-1024x1024.jpg\" alt=\"\" class=\"wp-image-6336\" width=\"525\" height=\"525\" srcset=\"https:\/\/ceasiaufpe.com.br\/wp-content\/uploads\/2022\/10\/IMG-20221028-WA0013-1024x1024.jpg 1024w, https:\/\/ceasiaufpe.com.br\/wp-content\/uploads\/2022\/10\/IMG-20221028-WA0013-300x300.jpg 300w, https:\/\/ceasiaufpe.com.br\/wp-content\/uploads\/2022\/10\/IMG-20221028-WA0013-150x150.jpg 150w, https:\/\/ceasiaufpe.com.br\/wp-content\/uploads\/2022\/10\/IMG-20221028-WA0013-768x768.jpg 768w, https:\/\/ceasiaufpe.com.br\/wp-content\/uploads\/2022\/10\/IMG-20221028-WA0013-88x88.jpg 88w, https:\/\/ceasiaufpe.com.br\/wp-content\/uploads\/2022\/10\/IMG-20221028-WA0013-816x816.jpg 816w, https:\/\/ceasiaufpe.com.br\/wp-content\/uploads\/2022\/10\/IMG-20221028-WA0013.jpg 1080w\" sizes=\"(max-width: 525px) 100vw, 525px\" \/><\/figure><\/div>\n\n\n\n<p class=\"has-text-align-justify\">A Coordenadoria de Estudos da \u00c1sia (CEASIA) est\u00e1 sob nova coordena\u00e7\u00e3o. No \u00faltimo m\u00eas de setembro, assumiu o posto <strong>Bertrand Cozic, Professor Associado do Departamento de Geografia da Universidade Federal de Pernambuco (UFPE)<\/strong>. Em conjunto com as docentes Ana Cristina Fernandes (Geografia) e Christine Rufino Dabat (Hist\u00f3ria), ele esteve envolvido na funda\u00e7\u00e3o do antigo Instituto de Estudos da \u00c1sia (IEASIA), em 2015, idealizado pelo professor Marcos Costa Lima (Ci\u00eancia Pol\u00edtica). Com o falecimento de Costa Lima, em junho deste ano, a professora Maria de Jesus Brito, coordenadora-geral do Centro de Estudos Avan\u00e7ados da UFPE (CEA), convidou Bertrand Cozic para dar continuidade aos trabalhos. No dia 20 de setembro, Cozic e Brito foram recebidos pelo Reitor Alfredo Macedo e conversaram sobre os planos para esta nova fase da CEASIA. <\/p>\n\n\n\n<p class=\"has-text-align-justify\">\u201cEspero manter o trabalho que foi constru\u00eddo pelas curadorias e tamb\u00e9m as parcerias com as diferentes coordenadorias \u2013 \u00c1sia, \u00c1frica e Am\u00e9rica \u2013 que atuam sob o escopo do CEA. E desejo realmente que possamos refor\u00e7ar as intera\u00e7\u00f5es da UFPE com a \u00c1sia como um todo\u201d, destacou Cozic. \u201cVamos buscar tamb\u00e9m dar a possibilidade para que os nossos alunos possam ter a oportunidade de refor\u00e7ar a sua forma\u00e7\u00e3o por meio de interc\u00e2mbios acad\u00eamicos dentro de um contexto de rela\u00e7\u00f5es Sul-Sul\u201d, complementou. Bertrand Cozic possui gradua\u00e7\u00e3o (2000), mestrado (2002) e doutorado (2008) pela Universidade de La Rochelle, na Fran\u00e7a. Professor da UFPE desde 2011, tem interesse de pesquisa em temas da geografia econ\u00f4mica, do turismo e das migra\u00e7\u00f5es, e vem desenvolvendo rela\u00e7\u00f5es com a \u00c1sia, em particular a China, ao longo dos \u00faltimos anos.<\/p>\n\n\n\n<h2>SOBRE A CEASIA<\/h2>\n\n\n\n<p class=\"has-text-align-justify\">A hist\u00f3ria da CEASIA come\u00e7a pelo Centro de Estudos Internacionais da UFPE, criado em 2015 com a inten\u00e7\u00e3o de aprofundar e ampliar a sinergia na \u00e1rea de estudos internacionais. O antigo IEASIA era parte do organograma do Centro e, desde 2021, ap\u00f3s uma reformula\u00e7\u00e3o interna na universidade, passou a ser chamado de Coordenadoria, integrando o rec\u00e9m-criado Centro de Estudos Avan\u00e7ados da UFPE. Consolidando-se como o maior grupo de pesquisa sobre o tema no Norte-Nordeste do Brasil, a CEASIA preserva um car\u00e1ter transdisciplinar e tem o objetivo de concatenar o trip\u00e9 ensino, pesquisa e extens\u00e3o, ao mesmo tempo em que dissemina o conhecimento sobre a \u00c1sia dentro e fora da universidade. <\/p>\n\n\n\n<p class=\"has-text-align-justify\">Entre as suas diretrizes de atua\u00e7\u00e3o, est\u00e3o o fomento ao interesse investigativo sobre a \u00c1sia, bem como a produ\u00e7\u00e3o de conhecimento comparado sobre os processos de desenvolvimento nos pa\u00edses daquele continente e no Brasil. Ademais, a Coordenadoria tamb\u00e9m busca desenvolver compet\u00eancias de investiga\u00e7\u00e3o entre os jovens pesquisadores e promover o interc\u00e2mbio de professores e estudantes, contribuindo para uma cultura de troca de conhecimento e harmonia entre o Brasil e os diversos pa\u00edses asi\u00e1ticos. <\/p>\n\n\n\n<p class=\"has-text-align-justify\">Com aproximadamente 200 membros e pesquisadores associados, a CEASIA est\u00e1 organizada em torno de 11 diferentes curadorias. S\u00e3o elas: Assuntos do Jap\u00e3o; BRICS; Estudos Coreanos; Hist\u00f3ria da China; Literatura Asi\u00e1tica; Matrizes Energ\u00e9ticas e Meio Ambiente; Pol\u00edtica Industrial e Institui\u00e7\u00f5es; Rela\u00e7\u00f5es Sino-Africanas; Seguran\u00e7a Alimentar e Estrangeiriza\u00e7\u00e3o de Terras; Tecnologia e Inova\u00e7\u00e3o; Timor Leste e demais Pa\u00edses do Sudeste Asi\u00e1tico. Al\u00e9m de uma agenda cont\u00ednua de pesquisa, com publica\u00e7\u00f5es acad\u00eamicas e tamb\u00e9m nas p\u00e1ginas e redes sociais da pr\u00f3pria Coordenadoria, tamb\u00e9m est\u00e3o entre as atividades a organiza\u00e7\u00e3o de eventos variados, tanto nacionais quanto internacionais, al\u00e9m de parcerias com institui\u00e7\u00f5es da sociedade civil, representa\u00e7\u00f5es diplom\u00e1ticas e outras universidades e centros de pesquisa.<\/p>\n","protected":false},"excerpt":{"rendered":"<p>A Coordenadoria de Estudos da \u00c1sia (CEASIA) est\u00e1 sob nova coordena\u00e7\u00e3o. No \u00faltimo m\u00eas de setembro, assumiu o posto Bertrand Cozic, Professor Associado do Departamento de Geografia da Universidade Federal de Pernambuco (UFPE). Em conjunto com as docentes Ana Cristina Fernandes (Geografia) e Christine Rufino Dabat (Hist\u00f3ria), ele esteve envolvido na funda\u00e7\u00e3o do antigo Instituto [&hellip;]<\/p>\n","protected":false},"author":14,"featured_media":6337,"comment_status":"open","ping_status":"open","sticky":false,"template":"","format":"standard","meta":{"_editorskit_title_hidden":false,"_editorskit_reading_time":2,"_editorskit_is_block_options_detached":false,"_editorskit_block_options_position":"{}","_monsterinsights_skip_tracking":false,"_monsterinsights_sitenote_active":false,"_monsterinsights_sitenote_note":"","_monsterinsights_sitenote_category":0},"categories":[18,20],"tags":[69],"_links":{"self":[{"href":"https:\/\/ceasiaufpe.com.br\/index.php?rest_route=\/wp\/v2\/posts\/6335"}],"collection":[{"href":"https:\/\/ceasiaufpe.com.br\/index.php?rest_route=\/wp\/v2\/posts"}],"about":[{"href":"https:\/\/ceasiaufpe.com.br\/index.php?rest_route=\/wp\/v2\/types\/post"}],"author":[{"embeddable":true,"href":"https:\/\/ceasiaufpe.com.br\/index.php?rest_route=\/wp\/v2\/users\/14"}],"replies":[{"embeddable":true,"href":"https:\/\/ceasiaufpe.com.br\/index.php?rest_route=%2Fwp%2Fv2%2Fcomments&post=6335"}],"version-history":[{"count":1,"href":"https:\/\/ceasiaufpe.com.br\/index.php?rest_route=\/wp\/v2\/posts\/6335\/revisions"}],"predecessor-version":[{"id":6338,"href":"https:\/\/ceasiaufpe.com.br\/index.php?rest_route=\/wp\/v2\/posts\/6335\/revisions\/6338"}],"wp:featuredmedia":[{"embeddable":true,"href":"https:\/\/ceasiaufpe.com.br\/index.php?rest_route=\/wp\/v2\/media\/6337"}],"wp:attachment":[{"href":"https:\/\/ceasiaufpe.com.br\/index.php?rest_route=%2Fwp%2Fv2%2Fmedia&parent=6335"}],"wp:term":[{"taxonomy":"category","embeddable":true,"href":"https:\/\/ceasiaufpe.com.br\/index.php?rest_route=%2Fwp%2Fv2%2Fcategories&post=6335"},{"taxonomy":"post_tag","embeddable":true,"href":"https:\/\/ceasiaufpe.com.br\/index.php?rest_route=%2Fwp%2Fv2%2Ftags&post=6335"}],"curies":[{"name":"wp","href":"https:\/\/api.w.org\/{rel}","templated":true}]}}