{"id":4200,"date":"2021-09-22T19:07:56","date_gmt":"2021-09-22T22:07:56","guid":{"rendered":"https:\/\/ceasiaufpe.com.br\/?p=4200"},"modified":"2021-10-07T17:52:34","modified_gmt":"2021-10-07T20:52:34","slug":"conferencistas-io-seminario-internacional-da-ceasia-ufpe-nova-ordem-velhos-consensos-o-sul-global-em-perspectiva","status":"publish","type":"post","link":"https:\/\/ceasiaufpe.com.br\/?p=4200","title":{"rendered":"CONFERENCISTAS | I\u00ba Semin\u00e1rio Internacional da CE\u00c1SIA-UFPE: Nova ordem, velhos consensos: O sul global em perspectiva"},"content":{"rendered":"\n<p class=\"has-text-align-justify\">O I\u00ba SIC: (Semin\u00e1rio Internacional da Coordenadoria de Estudos da \u00c1sia da UFPE), \u201cNova ordem, velhos consensos: O sul global em perspectiva\u201d ocorre nos dias 26, 27, 28 e 29 de outubro, e \u00e9 com prazer que anunciamos a programa\u00e7\u00e3o 1 do evento. Nos tr\u00eas primeiros dias contaremos com a presen\u00e7a de tr\u00eas conferencistas de abertura, apresentando suas contribui\u00e7\u00f5es e entendimentos sobre o tema central do evento.<\/p>\n\n\n\n<p class=\"has-text-align-justify\">No dia 26 de outubro, contaremos com abertura do Prof. Jason W. Moore, historiador ambiental e ge\u00f3grafo hist\u00f3rico da Universidade de Binghamton, mundialmente renomado por suas contribui\u00e7\u00f5es sobre os debates de crise ambiental.<\/p>\n\n\n\n<p class=\"has-text-align-justify\">No dia 27 de outubro, contaremos com a confer\u00eancia do Prof. Mick Dunford, ge\u00f3grafo, economista e professor da Academia de Ci\u00eancias Chinesa (CAS) e da Universidade de Sussex, mundialmente renomados por suas contribui\u00e7\u00f5es nos debates sobre planejamento urbano, desenvolvimento regional e economia pol\u00edtica.<\/p>\n\n\n\n<p class=\"has-text-align-justify\">No \u00faltimo dia de confer\u00eancias, dia 28 de outubro, contamos com a confer\u00eancia do Prof. Vijay Prashad, historiador, jornalista e professor de rela\u00e7\u00f5es internacionais. Ele \u00e9 diretor-executivo da Tricontinental: Institute for Social Research e Editor-chefe da LeftWord Books. Autor de livros como Washington Bullets, ele \u00e9 mundialmente reconhecido por suas contribui\u00e7\u00f5es nas \u00e1reas de economia pol\u00edtica e rela\u00e7\u00f5es internacionais.<\/p>\n\n\n\n<p>J\u00e1 o&nbsp; dia 29 de outubro, \u00e9 reservado para apresenta\u00e7\u00e3o dos trabalhos submetidos, lembramos que o prazo para submiss\u00e3o de trabalhos \u00e9 at\u00e9 a sexta-feira, 24 de setembro.&nbsp; J\u00e1 as inscri\u00e7\u00f5es para participa\u00e7\u00e3o enquanto ouvintes, v\u00e3o at\u00e9 o dia 25 de outubro. Confira mais informa\u00e7\u00f5es clicando<a href=\"https:\/\/ceasiaufpe.com.br\/?p=3948\" class=\"ek-link\"> aqui<\/a>.<\/p>\n\n\n\n<p>A transmiss\u00e3o ocorre ao vivo em nosso canal do Youtube, acesse clicando <a href=\"https:\/\/www.youtube.com\/channel\/UC1GYB8fmN4w5yccqCqAo1qQ\" class=\"ek-link\">aqui<\/a>.<\/p>\n\n\n\n<p><a href=\"https:\/\/www.even3.com.br\/seminariointernacionalceasiaufpe\/?utm_medium=email&amp;_hsmi=167267248&amp;_hsenc=p2ANqtz-_RecAwNhSLRbv82kufLZLNJAFvQkP73YaQLPQtRtQ89BldIdZbQC-m9nUkjitzdHhT9eoK5qQdDa6JbVeLqfTgzwtkHA&amp;utm_content=167267248&amp;utm_source=hs_email\" class=\"ek-link\">Inscreva-se!<\/a><\/p>\n\n\n\n<figure class=\"wp-block-image size-large is-resized\"><img loading=\"lazy\" src=\"https:\/\/ceasiaufpe.com.br\/wp-content\/uploads\/2021\/09\/PT-TODOS-819x1024.png\" alt=\"\" class=\"wp-image-4432\" width=\"616\" height=\"770\" srcset=\"https:\/\/ceasiaufpe.com.br\/wp-content\/uploads\/2021\/09\/PT-TODOS-819x1024.png 819w, https:\/\/ceasiaufpe.com.br\/wp-content\/uploads\/2021\/09\/PT-TODOS-240x300.png 240w, https:\/\/ceasiaufpe.com.br\/wp-content\/uploads\/2021\/09\/PT-TODOS-768x960.png 768w, https:\/\/ceasiaufpe.com.br\/wp-content\/uploads\/2021\/09\/PT-TODOS-816x1020.png 816w, https:\/\/ceasiaufpe.com.br\/wp-content\/uploads\/2021\/09\/PT-TODOS.png 1080w\" sizes=\"(max-width: 616px) 100vw, 616px\" \/><\/figure>\n\n\n\n<figure class=\"wp-block-image size-large is-style-default\"><img loading=\"lazy\" width=\"819\" height=\"1024\" src=\"https:\/\/ceasiaufpe.com.br\/wp-content\/uploads\/2021\/09\/ING-TODOS-819x1024.png\" alt=\"\" class=\"wp-image-4437\" srcset=\"https:\/\/ceasiaufpe.com.br\/wp-content\/uploads\/2021\/09\/ING-TODOS-819x1024.png 819w, https:\/\/ceasiaufpe.com.br\/wp-content\/uploads\/2021\/09\/ING-TODOS-240x300.png 240w, https:\/\/ceasiaufpe.com.br\/wp-content\/uploads\/2021\/09\/ING-TODOS-768x960.png 768w, https:\/\/ceasiaufpe.com.br\/wp-content\/uploads\/2021\/09\/ING-TODOS-816x1020.png 816w, https:\/\/ceasiaufpe.com.br\/wp-content\/uploads\/2021\/09\/ING-TODOS.png 1080w\" sizes=\"(max-width: 819px) 100vw, 819px\" \/><\/figure>\n\n\n\n<p><\/p>\n","protected":false},"excerpt":{"rendered":"<p>O I\u00ba SIC: (Semin\u00e1rio Internacional da Coordenadoria de Estudos da \u00c1sia da UFPE), \u201cNova ordem, velhos consensos: O sul global em perspectiva\u201d ocorre nos dias 26, 27, 28 e 29 de outubro, e \u00e9 com prazer que anunciamos a programa\u00e7\u00e3o 1 do evento. Nos tr\u00eas primeiros dias contaremos com a presen\u00e7a de tr\u00eas conferencistas de [&hellip;]<\/p>\n","protected":false},"author":1,"featured_media":4434,"comment_status":"open","ping_status":"open","sticky":false,"template":"","format":"standard","meta":{"_editorskit_title_hidden":false,"_editorskit_reading_time":1,"_editorskit_is_block_options_detached":false,"_editorskit_block_options_position":"{}","_monsterinsights_skip_tracking":false,"_monsterinsights_sitenote_active":false,"_monsterinsights_sitenote_note":"","_monsterinsights_sitenote_category":0},"categories":[12],"tags":[91],"_links":{"self":[{"href":"https:\/\/ceasiaufpe.com.br\/index.php?rest_route=\/wp\/v2\/posts\/4200"}],"collection":[{"href":"https:\/\/ceasiaufpe.com.br\/index.php?rest_route=\/wp\/v2\/posts"}],"about":[{"href":"https:\/\/ceasiaufpe.com.br\/index.php?rest_route=\/wp\/v2\/types\/post"}],"author":[{"embeddable":true,"href":"https:\/\/ceasiaufpe.com.br\/index.php?rest_route=\/wp\/v2\/users\/1"}],"replies":[{"embeddable":true,"href":"https:\/\/ceasiaufpe.com.br\/index.php?rest_route=%2Fwp%2Fv2%2Fcomments&post=4200"}],"version-history":[{"count":10,"href":"https:\/\/ceasiaufpe.com.br\/index.php?rest_route=\/wp\/v2\/posts\/4200\/revisions"}],"predecessor-version":[{"id":4526,"href":"https:\/\/ceasiaufpe.com.br\/index.php?rest_route=\/wp\/v2\/posts\/4200\/revisions\/4526"}],"wp:featuredmedia":[{"embeddable":true,"href":"https:\/\/ceasiaufpe.com.br\/index.php?rest_route=\/wp\/v2\/media\/4434"}],"wp:attachment":[{"href":"https:\/\/ceasiaufpe.com.br\/index.php?rest_route=%2Fwp%2Fv2%2Fmedia&parent=4200"}],"wp:term":[{"taxonomy":"category","embeddable":true,"href":"https:\/\/ceasiaufpe.com.br\/index.php?rest_route=%2Fwp%2Fv2%2Fcategories&post=4200"},{"taxonomy":"post_tag","embeddable":true,"href":"https:\/\/ceasiaufpe.com.br\/index.php?rest_route=%2Fwp%2Fv2%2Ftags&post=4200"}],"curies":[{"name":"wp","href":"https:\/\/api.w.org\/{rel}","templated":true}]}}