{"id":4034,"date":"2021-08-31T13:18:36","date_gmt":"2021-08-31T16:18:36","guid":{"rendered":"https:\/\/ceasiaufpe.com.br\/?p=4034"},"modified":"2021-08-31T16:03:04","modified_gmt":"2021-08-31T19:03:04","slug":"membros-da-curadoria-timor-leste-e-paises-do-sudeste-asiatico-participarao-do-evento-da-timo-leste-studies-association","status":"publish","type":"post","link":"https:\/\/ceasiaufpe.com.br\/?p=4034","title":{"rendered":"Membros da Curadoria Timor-Leste e Demais Pa\u00edses do Sudeste Asi\u00e1tico participar\u00e3o do evento da Timo-Leste Studies Association"},"content":{"rendered":"\n<figure class=\"wp-block-gallery columns-0 is-cropped\"><ul class=\"blocks-gallery-grid\"><\/ul><\/figure>\n\n\n\n<p class=\"has-text-align-right\">Curadoria do Timor Leste e Demais Pa\u00edses do Sudeste Asi\u00e1tico<\/p>\n\n\n\n<p class=\"has-text-align-justify\">Entre os dias 9 e 10 de novembro de 2021, xs membrxs da Curadoria \u201cTimor-Leste e pa\u00edses do Sudeste Asi\u00e1tico&#8221; estar\u00e3o participando da edi\u00e7\u00e3o 2021 do Simp\u00f3sio Internacional da Timor-Leste Studies Association \u201cThe Santa Cruz Massacre, 1991: Thirty Years On\u201d, que acontecer\u00e1 em Dili\/Timor-Leste, por meio da comunica\u00e7\u00e3o intitulada &#8220;Uma An\u00e1lise Acerca do Massacre de Santa Cruz nos Anais da TL Studies Association&#8221;.<\/p>\n\n\n\n<p class=\"has-text-align-justify\">Criada em 2005, a Associa\u00e7\u00e3o de Estudos de Timor-Leste (TLSA) tem contribu\u00eddo<br>constantemente para o desenvolvimento de estudos e pesquisas acerca desse pa\u00eds asi\u00e1tico, por meio de contribui\u00e7\u00f5es de pesquisadores australianos, leste-timorenses, portugueses, brasileiros, bem como oriundos de outras nacionalidades. O primeira confer\u00eancia aconteceu em 2009, e desde ent\u00e3o, esses eventos tem sido realizados quase que anualmente no Timor-Leste e em outros pa\u00edses alternadamente.<\/p>\n\n\n\n<p class=\"has-text-align-justify\">Neste ano de 2021, o evento relembra, ap\u00f3s 30 anos de seu acontecimento, o massacre de Santa Cruz, levando em conta a necessidade de se refletir para que situa\u00e7\u00f5es como essa n\u00e3o se repitam no futuro. Destaca-se que esse acontecimento hist\u00f3rico foi marcado pelo massacre exercido pela pol\u00edcia indon\u00e9sia contra a juventude leste-timorense, que se manifestava a favor da restaura\u00e7\u00e3o da independ\u00eancia do pa\u00eds, e foi encurralada no cemit\u00e9rio de Santa Cruz (em D\u00edli), no dia 12 de novembro de 1991.<\/p>\n","protected":false},"excerpt":{"rendered":"<p>Curadoria do Timor Leste e Demais Pa\u00edses do Sudeste Asi\u00e1tico Entre os dias 9 e 10 de novembro de 2021, xs membrxs da Curadoria \u201cTimor-Leste e pa\u00edses do Sudeste Asi\u00e1tico&#8221; estar\u00e3o participando da edi\u00e7\u00e3o 2021 do Simp\u00f3sio Internacional da Timor-Leste Studies Association \u201cThe Santa Cruz Massacre, 1991: Thirty Years On\u201d, que acontecer\u00e1 em Dili\/Timor-Leste, por [&hellip;]<\/p>\n","protected":false},"author":1,"featured_media":4044,"comment_status":"open","ping_status":"open","sticky":false,"template":"","format":"standard","meta":{"_editorskit_title_hidden":false,"_editorskit_reading_time":1,"_editorskit_is_block_options_detached":false,"_editorskit_block_options_position":"{}","_monsterinsights_skip_tracking":false,"_monsterinsights_sitenote_active":false,"_monsterinsights_sitenote_note":"","_monsterinsights_sitenote_category":0},"categories":[18,20],"tags":[49],"_links":{"self":[{"href":"https:\/\/ceasiaufpe.com.br\/index.php?rest_route=\/wp\/v2\/posts\/4034"}],"collection":[{"href":"https:\/\/ceasiaufpe.com.br\/index.php?rest_route=\/wp\/v2\/posts"}],"about":[{"href":"https:\/\/ceasiaufpe.com.br\/index.php?rest_route=\/wp\/v2\/types\/post"}],"author":[{"embeddable":true,"href":"https:\/\/ceasiaufpe.com.br\/index.php?rest_route=\/wp\/v2\/users\/1"}],"replies":[{"embeddable":true,"href":"https:\/\/ceasiaufpe.com.br\/index.php?rest_route=%2Fwp%2Fv2%2Fcomments&post=4034"}],"version-history":[{"count":6,"href":"https:\/\/ceasiaufpe.com.br\/index.php?rest_route=\/wp\/v2\/posts\/4034\/revisions"}],"predecessor-version":[{"id":4051,"href":"https:\/\/ceasiaufpe.com.br\/index.php?rest_route=\/wp\/v2\/posts\/4034\/revisions\/4051"}],"wp:featuredmedia":[{"embeddable":true,"href":"https:\/\/ceasiaufpe.com.br\/index.php?rest_route=\/wp\/v2\/media\/4044"}],"wp:attachment":[{"href":"https:\/\/ceasiaufpe.com.br\/index.php?rest_route=%2Fwp%2Fv2%2Fmedia&parent=4034"}],"wp:term":[{"taxonomy":"category","embeddable":true,"href":"https:\/\/ceasiaufpe.com.br\/index.php?rest_route=%2Fwp%2Fv2%2Fcategories&post=4034"},{"taxonomy":"post_tag","embeddable":true,"href":"https:\/\/ceasiaufpe.com.br\/index.php?rest_route=%2Fwp%2Fv2%2Ftags&post=4034"}],"curies":[{"name":"wp","href":"https:\/\/api.w.org\/{rel}","templated":true}]}}