{"id":1479,"date":"2019-07-31T16:49:17","date_gmt":"2019-07-31T19:49:17","guid":{"rendered":"https:\/\/ceasiaufpe.wordpress.com\/?p=1479"},"modified":"2021-09-20T10:44:43","modified_gmt":"2021-09-20T13:44:43","slug":"2019-2-oferta-de-disciplina-movimentos-sociaisalternativos-em-mocambique-prof-visitante-luca-bussotti-uem-iscte-iul","status":"publish","type":"post","link":"https:\/\/ceasiaufpe.com.br\/?p=1479","title":{"rendered":"NOT\u00cdCIA | 2019.2. Oferta de disciplina &#8220;Movimentos sociais&#8221;alternativos&#8221; em Mo\u00e7ambique \u2013 Prof. Visitante Luca Bussotti (UEM, ISCTE-IUL)"},"content":{"rendered":"<p style=\"font-weight:400;\">O Programa de P\u00f3s-Gradua\u00e7\u00e3o em Sociologia da UFPE, com apoio do Instituto de Estudos da \u00c1frica, est\u00e1 oferecendo, no 2\u00ba Semestre 2019, a disciplina T\u00d3PICOS ESPECIAIS DE PESQUISA II &#8211;&nbsp;&nbsp;<strong><em>Movimentos sociais \u201calternativos\u201d em Mo\u00e7ambique, a ser ministrada pelo Prof. Visitante Luca Bussotti (UEM, ISCTE-IUL).<\/em><\/strong><\/p>\n<p style=\"font-weight:400;\"><strong>MATR\u00cdCULA ALUNOS REGULARES<\/strong><\/p>\n<p style=\"font-weight:400;\">&nbsp;05 a 09 de Agosto &#8211; S\u00f3 poder\u00e1 ser feita pelo SIGA<\/p>\n<p style=\"font-weight:400;\"><strong>MATR\u00cdCULA DE ALUNOS DE OUTROS PROGRAMAS<\/strong><\/p>\n<p style=\"font-weight:400;\">&nbsp;01 a 05 de Agosto &#8211; solicita\u00e7\u00e3o de Matr\u00edcula em disciplina do PPGS pela coordena\u00e7\u00e3o do Programa de Origem<\/p>\n<p style=\"font-weight:400;\"><strong>MATR\u00cdCULAS DE ALUNOS ESPECIAIS<\/strong><\/p>\n<p style=\"font-weight:400;\">&nbsp;At\u00e9 o dia 02 de agosto &#8211; Requerimento de Matr\u00edcula (Entrega na Secretaria do PPGS formul\u00e1rio (dispon\u00edvel n PPGS), anexando os seguintes documentos: Curricullo Lattes e carta de inten\u00e7\u00e3odirigida ao Professor.<\/p>\n<p style=\"font-weight:400;\">&nbsp;09 de agosto &#8211; divulga\u00e7\u00e3o da relea\u00e7\u00e3o Alunos Especiais<\/p>\n<p style=\"font-weight:400;\">&nbsp;12 a 16 de agosto Efetiva\u00e7\u00e3o da matr\u00edcula de Alunos Especiais.<\/p>\n<p><strong>CURSO (<a title=\"movsociais Disciplina\" href=\"https:\/\/ceasiaufpe.files.wordpress.com\/2019\/07\/movsociais-disciplina.docx\" target=\"_blank\" rel=\"noopener\">Programa da disciplina<\/a>)<\/strong><\/p>\n<p><strong>Movimentos sociais \u201calternativos\u201d em Mo\u00e7ambique: surgimento e evolu\u00e7\u00e3o (1990-2018)<\/strong><\/p>\n<p><strong>Dura\u00e7\u00e3o: 30 horas (2 Cr\u00e9ditos)<\/strong><\/p>\n<p><strong>Dias: Segundas-feiras e Quartas-feiras, das 8.00 \u00e0s 12.00 \u2013 In\u00edcio das aulas: dia 30 de Setembro 2019.<\/strong><\/p>\n","protected":false},"excerpt":{"rendered":"<p>O Programa de P\u00f3s-Gradua\u00e7\u00e3o em Sociologia da UFPE, com apoio do Instituto de Estudos da \u00c1frica, est\u00e1 oferecendo, no 2\u00ba Semestre 2019, a disciplina T\u00d3PICOS ESPECIAIS DE PESQUISA II &#8211;&nbsp;&nbsp;Movimentos sociais \u201calternativos\u201d em Mo\u00e7ambique, a ser ministrada pelo Prof. Visitante Luca Bussotti (UEM, ISCTE-IUL). MATR\u00cdCULA ALUNOS REGULARES &nbsp;05 a 09 de Agosto &#8211; S\u00f3 poder\u00e1 [&hellip;]<\/p>\n","protected":false},"author":1,"featured_media":0,"comment_status":"open","ping_status":"open","sticky":false,"template":"","format":"standard","meta":{"_editorskit_title_hidden":false,"_editorskit_reading_time":0,"_editorskit_is_block_options_detached":false,"_editorskit_block_options_position":"{}","_monsterinsights_skip_tracking":false,"_monsterinsights_sitenote_active":false,"_monsterinsights_sitenote_note":"","_monsterinsights_sitenote_category":0},"categories":[18],"tags":[47],"_links":{"self":[{"href":"https:\/\/ceasiaufpe.com.br\/index.php?rest_route=\/wp\/v2\/posts\/1479"}],"collection":[{"href":"https:\/\/ceasiaufpe.com.br\/index.php?rest_route=\/wp\/v2\/posts"}],"about":[{"href":"https:\/\/ceasiaufpe.com.br\/index.php?rest_route=\/wp\/v2\/types\/post"}],"author":[{"embeddable":true,"href":"https:\/\/ceasiaufpe.com.br\/index.php?rest_route=\/wp\/v2\/users\/1"}],"replies":[{"embeddable":true,"href":"https:\/\/ceasiaufpe.com.br\/index.php?rest_route=%2Fwp%2Fv2%2Fcomments&post=1479"}],"version-history":[{"count":1,"href":"https:\/\/ceasiaufpe.com.br\/index.php?rest_route=\/wp\/v2\/posts\/1479\/revisions"}],"predecessor-version":[{"id":4268,"href":"https:\/\/ceasiaufpe.com.br\/index.php?rest_route=\/wp\/v2\/posts\/1479\/revisions\/4268"}],"wp:attachment":[{"href":"https:\/\/ceasiaufpe.com.br\/index.php?rest_route=%2Fwp%2Fv2%2Fmedia&parent=1479"}],"wp:term":[{"taxonomy":"category","embeddable":true,"href":"https:\/\/ceasiaufpe.com.br\/index.php?rest_route=%2Fwp%2Fv2%2Fcategories&post=1479"},{"taxonomy":"post_tag","embeddable":true,"href":"https:\/\/ceasiaufpe.com.br\/index.php?rest_route=%2Fwp%2Fv2%2Ftags&post=1479"}],"curies":[{"name":"wp","href":"https:\/\/api.w.org\/{rel}","templated":true}]}}