{"id":103,"date":"2015-06-30T14:45:18","date_gmt":"2015-06-30T14:45:18","guid":{"rendered":"https:\/\/ceasiaufpe.wordpress.com\/?p=103"},"modified":"2015-06-30T14:45:18","modified_gmt":"2015-06-30T14:45:18","slug":"submissao-de-trabalhos","status":"publish","type":"post","link":"https:\/\/ceasiaufpe.com.br\/?p=103","title":{"rendered":"Submiss\u00e3o de Trabalhos para o Semin\u00e1rio &#8220;Conhecer a \u00c1sia&#8221;"},"content":{"rendered":"<p><!--StartFragment --><\/p>\n<div style=\"text-align:center;\"><em><strong>O Instituto de Estudos da \u00c1sia lan\u00e7a a chamada para a submiss\u00e3o de <\/strong><strong>trabalhos de\u00a0participa\u00e7\u00e3o em GT.<\/strong><\/em><\/div>\n<div style=\"text-align:center;\"><\/div>\n<div style=\"text-align:center;\"><em><strong>O Semin\u00e1rio ser\u00e1 realizado nos\u00a0dias 16 a 18 de Setembro.<\/strong>\u00a0<\/em><\/div>\n<div style=\"text-align:left;\">\n<hr \/>\n<\/div>\n<div><strong>Os temas ser\u00e3o:<\/strong><\/div>\n<ol>\n<li style=\"text-align:justify;\"><!--StartFragment -->\n<div><strong>Metr\u00f3poles, Cidades e Regi\u00f5es (Prof. Bertrand Cozic)<\/strong><\/div>\n<\/li>\n<li>\n<div>\u00a0<strong>Hist\u00f3ria e \u00c1sia (Profa. Chistine Dabat)<\/strong><\/div>\n<\/li>\n<li>\n<div>\u00a0<strong>Geografia e Inova\u00e7\u00e3o (Profa. Ana Cristina)<\/strong><\/div>\n<\/li>\n<li style=\"text-align:justify;\">\n<div>\u00a0<strong>Pol\u00edtica e Rela\u00e7\u00f5es Internacionais (Prof. Marcos Costa Lima)<\/strong><\/div>\n<\/li>\n<\/ol>\n<p><a href=\"https:\/\/ceasiaufpe.files.wordpress.com\/2015\/06\/seminario-modelo-para-submissc3a3o-de-trabalhos.pdf\">[Seminario] Modelo para submiss\u00e3o de trabalhos<\/a><\/p>\n<p>Os candidatos devem preencher o formul\u00e1rio clicando <a href=\"http:\/\/goo.gl\/forms\/qRz9IBBdzw\" target=\"_blank\" rel=\"noopener\"><span style=\"color:#0066cc;\">aqui<\/span><\/a> e enviar seus trabalhos para o e-mail \u00a0ieasia.ufpe@gmail.com com o assunto [EVENTO]NOME_NOMEDOGT<\/p>\n<p><strong>Todos os interessados devem enviar o resumo expandido at\u00e9 o dia 31 de Julho<\/strong><\/p>\n<p>Mais informa\u00e7\u00f5es em breve.<\/p>\n<p><!--EndFragment --><\/p>\n","protected":false},"excerpt":{"rendered":"<p>O Instituto de Estudos da \u00c1sia lan\u00e7a a chamada para a submiss\u00e3o de trabalhos de\u00a0participa\u00e7\u00e3o em GT. O Semin\u00e1rio ser\u00e1 realizado nos\u00a0dias 16 a 18 de Setembro.\u00a0 Os temas ser\u00e3o: Metr\u00f3poles, Cidades e Regi\u00f5es (Prof. Bertrand Cozic) \u00a0Hist\u00f3ria e \u00c1sia (Profa. Chistine Dabat) \u00a0Geografia e Inova\u00e7\u00e3o (Profa. Ana Cristina) \u00a0Pol\u00edtica e Rela\u00e7\u00f5es Internacionais (Prof. Marcos [&hellip;]<\/p>\n","protected":false},"author":1,"featured_media":0,"comment_status":"open","ping_status":"open","sticky":false,"template":"","format":"standard","meta":{"_editorskit_title_hidden":false,"_editorskit_reading_time":0,"_editorskit_is_block_options_detached":false,"_editorskit_block_options_position":"{}","_monsterinsights_skip_tracking":false,"_monsterinsights_sitenote_active":false,"_monsterinsights_sitenote_note":"","_monsterinsights_sitenote_category":0},"categories":[6,12,13,14,15],"tags":[35,32,54],"_links":{"self":[{"href":"https:\/\/ceasiaufpe.com.br\/index.php?rest_route=\/wp\/v2\/posts\/103"}],"collection":[{"href":"https:\/\/ceasiaufpe.com.br\/index.php?rest_route=\/wp\/v2\/posts"}],"about":[{"href":"https:\/\/ceasiaufpe.com.br\/index.php?rest_route=\/wp\/v2\/types\/post"}],"author":[{"embeddable":true,"href":"https:\/\/ceasiaufpe.com.br\/index.php?rest_route=\/wp\/v2\/users\/1"}],"replies":[{"embeddable":true,"href":"https:\/\/ceasiaufpe.com.br\/index.php?rest_route=%2Fwp%2Fv2%2Fcomments&post=103"}],"version-history":[{"count":0,"href":"https:\/\/ceasiaufpe.com.br\/index.php?rest_route=\/wp\/v2\/posts\/103\/revisions"}],"wp:attachment":[{"href":"https:\/\/ceasiaufpe.com.br\/index.php?rest_route=%2Fwp%2Fv2%2Fmedia&parent=103"}],"wp:term":[{"taxonomy":"category","embeddable":true,"href":"https:\/\/ceasiaufpe.com.br\/index.php?rest_route=%2Fwp%2Fv2%2Fcategories&post=103"},{"taxonomy":"post_tag","embeddable":true,"href":"https:\/\/ceasiaufpe.com.br\/index.php?rest_route=%2Fwp%2Fv2%2Ftags&post=103"}],"curies":[{"name":"wp","href":"https:\/\/api.w.org\/{rel}","templated":true}]}}